

{"id":1,"date":"2023-03-21T16:17:00","date_gmt":"2023-03-21T15:17:00","guid":{"rendered":"https:\/\/test.loris.tv\/gms\/?p=1"},"modified":"2023-11-12T14:15:22","modified_gmt":"2023-11-12T13:15:22","slug":"spass-und-action-auf-der-piste","status":"publish","type":"post","link":"https:\/\/test.loris.tv\/gms\/spass-und-action-auf-der-piste\/","title":{"rendered":"Spa\u00df und Action auf der Piste!"},"content":{"rendered":"\t\t<div data-elementor-type=\"wp-post\" data-elementor-id=\"1\" class=\"elementor elementor-1\">\n\t\t\t\t\t\t\t\t\t<section class=\"elementor-section elementor-top-section elementor-element elementor-element-44d0a9d elementor-section-boxed elementor-section-height-default elementor-section-height-default\" data-id=\"44d0a9d\" data-element_type=\"section\">\n\t\t\t\t\t\t<div class=\"elementor-container elementor-column-gap-default\">\n\t\t\t\t\t<div class=\"elementor-column elementor-col-100 elementor-top-column elementor-element elementor-element-19c96f5\" data-id=\"19c96f5\" data-element_type=\"column\">\n\t\t\t<div class=\"elementor-widget-wrap elementor-element-populated\">\n\t\t\t\t\t\t\t\t<div class=\"elementor-element elementor-element-1af38e8 elementor-widget elementor-widget-heading\" data-id=\"1af38e8\" data-element_type=\"widget\" data-widget_type=\"heading.default\">\n\t\t\t\t<div class=\"elementor-widget-container\">\n\t\t\t<style>\/*! elementor - v3.6.6 - 08-06-2022 *\/\n.elementor-heading-title{padding:0;margin:0;line-height:1}.elementor-widget-heading .elementor-heading-title[class*=elementor-size-]>a{color:inherit;font-size:inherit;line-height:inherit}.elementor-widget-heading .elementor-heading-title.elementor-size-small{font-size:15px}.elementor-widget-heading .elementor-heading-title.elementor-size-medium{font-size:19px}.elementor-widget-heading .elementor-heading-title.elementor-size-large{font-size:29px}.elementor-widget-heading .elementor-heading-title.elementor-size-xl{font-size:39px}.elementor-widget-heading .elementor-heading-title.elementor-size-xxl{font-size:59px}<\/style><h2 class=\"elementor-heading-title elementor-size-default\">Sch\u00fclerinnen und Sch\u00fcler der GMS Burbach-Neunkirchen erlebten gelungene Skifahrt nach der Corona-Pandemie<\/h2>\t\t<\/div>\n\t\t\t\t<\/div>\n\t\t\t\t\t<\/div>\n\t\t<\/div>\n\t\t\t\t\t\t\t<\/div>\n\t\t<\/section>\n\t\t\t\t<section class=\"elementor-section elementor-top-section elementor-element elementor-element-77be6a31 elementor-section-boxed elementor-section-height-default elementor-section-height-default\" data-id=\"77be6a31\" data-element_type=\"section\">\n\t\t\t\t\t\t<div class=\"elementor-container elementor-column-gap-default\">\n\t\t\t\t\t<div class=\"elementor-column elementor-col-100 elementor-top-column elementor-element elementor-element-3b0d214a\" data-id=\"3b0d214a\" data-element_type=\"column\">\n\t\t\t<div class=\"elementor-widget-wrap elementor-element-populated\">\n\t\t\t\t\t\t\t\t<div class=\"elementor-element elementor-element-5ec3ea0 elementor-widget elementor-widget-text-editor\" data-id=\"5ec3ea0\" data-element_type=\"widget\" data-widget_type=\"text-editor.default\">\n\t\t\t\t<div class=\"elementor-widget-container\">\n\t\t\t<style>\/*! elementor - v3.6.6 - 08-06-2022 *\/\n.elementor-widget-text-editor.elementor-drop-cap-view-stacked .elementor-drop-cap{background-color:#818a91;color:#fff}.elementor-widget-text-editor.elementor-drop-cap-view-framed .elementor-drop-cap{color:#818a91;border:3px solid;background-color:transparent}.elementor-widget-text-editor:not(.elementor-drop-cap-view-default) .elementor-drop-cap{margin-top:8px}.elementor-widget-text-editor:not(.elementor-drop-cap-view-default) .elementor-drop-cap-letter{width:1em;height:1em}.elementor-widget-text-editor .elementor-drop-cap{float:left;text-align:center;line-height:1;font-size:50px}.elementor-widget-text-editor .elementor-drop-cap-letter{display:inline-block}<\/style>\t\t\t\t<!-- wp:paragraph -->\n<p>Endlich konnten 290 Sch\u00fclerinnen und Sch\u00fcler der GMS Burbach-Neunkirchen gemeinsam mit 15 Lehrkr\u00e4ften in den beiden Skifahrtwochen der Jahrg\u00e4nge 8 und 9 wieder die Skier anschnallen und die Pisten in Seefeld in Tirol unsicher machen. Die Vorfreude auf die Skifahrt war bei allen Beteiligten gro\u00df, denn die traditionelle Winteraktivit\u00e4t musste in den letzten beiden Jahren aufgrund der pandemiebedingten Einschr\u00e4nkungen ausfallen.<\/p>\n<!-- \/wp:paragraph -->\t\t\t\t\t\t<\/div>\n\t\t\t\t<\/div>\n\t\t\t\t\t<\/div>\n\t\t<\/div>\n\t\t\t\t\t\t\t<\/div>\n\t\t<\/section>\n\t\t\t\t<section class=\"elementor-section elementor-top-section elementor-element elementor-element-6636b60 elementor-section-boxed elementor-section-height-default elementor-section-height-default\" data-id=\"6636b60\" data-element_type=\"section\">\n\t\t\t\t\t\t<div class=\"elementor-container elementor-column-gap-default\">\n\t\t\t\t\t<div class=\"elementor-column elementor-col-100 elementor-top-column elementor-element elementor-element-c220a03\" data-id=\"c220a03\" data-element_type=\"column\">\n\t\t\t<div class=\"elementor-widget-wrap elementor-element-populated\">\n\t\t\t\t\t\t\t\t<div class=\"elementor-element elementor-element-0bfb992 elementor-widget elementor-widget-image\" data-id=\"0bfb992\" data-element_type=\"widget\" data-widget_type=\"image.default\">\n\t\t\t\t<div class=\"elementor-widget-container\">\n\t\t\t<style>\/*! elementor - v3.6.6 - 08-06-2022 *\/\n.elementor-widget-image{text-align:center}.elementor-widget-image a{display:inline-block}.elementor-widget-image a img[src$=\".svg\"]{width:48px}.elementor-widget-image img{vertical-align:middle;display:inline-block}<\/style>\t\t\t\t\t\t\t\t\t\t\t\t<img width=\"640\" height=\"458\" src=\"https:\/\/test.loris.tv\/gms\/wp-content\/uploads\/2023\/04\/Skifahrt_2023-1024x732.jpeg\" class=\"attachment-large size-large\" alt=\"\" loading=\"lazy\" srcset=\"https:\/\/test.loris.tv\/gms\/wp-content\/uploads\/2023\/04\/Skifahrt_2023-1024x732.jpeg 1024w, https:\/\/test.loris.tv\/gms\/wp-content\/uploads\/2023\/04\/Skifahrt_2023-300x214.jpeg 300w, https:\/\/test.loris.tv\/gms\/wp-content\/uploads\/2023\/04\/Skifahrt_2023-768x549.jpeg 768w, https:\/\/test.loris.tv\/gms\/wp-content\/uploads\/2023\/04\/Skifahrt_2023-1536x1097.jpeg 1536w, https:\/\/test.loris.tv\/gms\/wp-content\/uploads\/2023\/04\/Skifahrt_2023.jpeg 2048w\" sizes=\"(max-width: 640px) 100vw, 640px\" \/>\t\t\t\t\t\t\t\t\t\t\t\t\t\t\t<\/div>\n\t\t\t\t<\/div>\n\t\t\t\t\t<\/div>\n\t\t<\/div>\n\t\t\t\t\t\t\t<\/div>\n\t\t<\/section>\n\t\t\t\t<section class=\"elementor-section elementor-top-section elementor-element elementor-element-8cca773 elementor-section-boxed elementor-section-height-default elementor-section-height-default\" data-id=\"8cca773\" data-element_type=\"section\">\n\t\t\t\t\t\t<div class=\"elementor-container elementor-column-gap-default\">\n\t\t\t\t\t<div class=\"elementor-column elementor-col-100 elementor-top-column elementor-element elementor-element-e860d56\" data-id=\"e860d56\" data-element_type=\"column\">\n\t\t\t<div class=\"elementor-widget-wrap elementor-element-populated\">\n\t\t\t\t\t\t\t\t<div class=\"elementor-element elementor-element-b3c7509 elementor-widget elementor-widget-text-editor\" data-id=\"b3c7509\" data-element_type=\"widget\" data-widget_type=\"text-editor.default\">\n\t\t\t\t<div class=\"elementor-widget-container\">\n\t\t\t\t\t\t\t<p style=\"border: 0px; font-family: Arial, Helvetica, sans-serif; margin-bottom: 0.2em; outline: 0px; vertical-align: baseline; color: #373737; text-align: justify;\">Neben erfahrenen Skilehrern konnte sogar eine ehemalige Profiskifahrerin als Unterst\u00fctzung f\u00fcr das Skilehrteam gewonnen werden, sodass sowohl Anf\u00e4nger als auch Fortgeschrittene auf ihre Kosten kamen. Mit viel Eifer und Begeisterung wurden Skitechniken einge\u00fcbt und im Laufe der Woche wagten sich die Sch\u00fclerinnen und Sch\u00fcler auf immer anspruchsvollere Pisten. Gegen Ende der ersten Woche sah und sp\u00fcrte man die sommerlichen Temperaturen der letzten Tage, sodass alle auf den vorhergesagten Schnee warteten. Dieser kam dann p\u00fcnktlich zum ersten Tag der zweiten Woche, sodass ausreichend Schnee vorhanden war und jeder Tag intensiv zur Verbesserung der Skif\u00e4higkeiten genutzt werden konnte.<\/p>\n<p style=\"border: 0px; font-family: Arial, Helvetica, sans-serif; margin-bottom: 0.2em; outline: 0px; vertical-align: baseline; color: #373737; text-align: justify;\">Die Skifahrt war f\u00fcr alle Beteiligten ein unvergessliches Erlebnis. Sie bot nicht nur die M\u00f6glichkeit, ihre skifahrerischen F\u00e4higkeiten zu verbessern, sondern auch neue Freundschaften zu kn\u00fcpfen und wertvolle Erfahrungen zu sammeln. Die positive Stimmung und die gemeinsamen Erlebnisse werden sicherlich noch lange in Erinnerung bleiben. Ein besonderes Highlight war hier sicherlich der legend\u00e4re Diskoabend am letzten Abend. Teilweise wurden hier Ballkleider von den Damen der Jahrgangstufen aufgetragen und auf der Tanzfl\u00e4che wurde munter gefeiert und getanzt.<\/p>\t\t\t\t\t\t<\/div>\n\t\t\t\t<\/div>\n\t\t\t\t\t<\/div>\n\t\t<\/div>\n\t\t\t\t\t\t\t<\/div>\n\t\t<\/section>\n\t\t\t\t<section class=\"elementor-section elementor-top-section elementor-element elementor-element-65bd411 elementor-section-boxed elementor-section-height-default elementor-section-height-default\" data-id=\"65bd411\" data-element_type=\"section\">\n\t\t\t\t\t\t<div class=\"elementor-container elementor-column-gap-default\">\n\t\t\t\t\t<div class=\"elementor-column elementor-col-100 elementor-top-column elementor-element elementor-element-1384e98\" data-id=\"1384e98\" data-element_type=\"column\">\n\t\t\t<div class=\"elementor-widget-wrap elementor-element-populated\">\n\t\t\t\t\t\t\t\t<div class=\"elementor-element elementor-element-f16ee9c elementor-widget elementor-widget-image\" data-id=\"f16ee9c\" data-element_type=\"widget\" data-widget_type=\"image.default\">\n\t\t\t\t<div class=\"elementor-widget-container\">\n\t\t\t\t\t\t\t\t\t\t\t\t\t\t\t<img width=\"640\" height=\"420\" src=\"https:\/\/test.loris.tv\/gms\/wp-content\/uploads\/2023\/04\/Skifahrt-2023-Ausblick-1024x672.jpg\" class=\"attachment-large size-large\" alt=\"\" loading=\"lazy\" srcset=\"https:\/\/test.loris.tv\/gms\/wp-content\/uploads\/2023\/04\/Skifahrt-2023-Ausblick-1024x672.jpg 1024w, https:\/\/test.loris.tv\/gms\/wp-content\/uploads\/2023\/04\/Skifahrt-2023-Ausblick-300x197.jpg 300w, https:\/\/test.loris.tv\/gms\/wp-content\/uploads\/2023\/04\/Skifahrt-2023-Ausblick-768x504.jpg 768w, https:\/\/test.loris.tv\/gms\/wp-content\/uploads\/2023\/04\/Skifahrt-2023-Ausblick-1536x1008.jpg 1536w, https:\/\/test.loris.tv\/gms\/wp-content\/uploads\/2023\/04\/Skifahrt-2023-Ausblick.jpg 1920w\" sizes=\"(max-width: 640px) 100vw, 640px\" \/>\t\t\t\t\t\t\t\t\t\t\t\t\t\t\t<\/div>\n\t\t\t\t<\/div>\n\t\t\t\t\t<\/div>\n\t\t<\/div>\n\t\t\t\t\t\t\t<\/div>\n\t\t<\/section>\n\t\t\t\t<section class=\"elementor-section elementor-top-section elementor-element elementor-element-dae524b elementor-section-boxed elementor-section-height-default elementor-section-height-default\" data-id=\"dae524b\" data-element_type=\"section\">\n\t\t\t\t\t\t<div class=\"elementor-container elementor-column-gap-default\">\n\t\t\t\t\t<div class=\"elementor-column elementor-col-100 elementor-top-column elementor-element elementor-element-ce7b14d\" data-id=\"ce7b14d\" data-element_type=\"column\">\n\t\t\t<div class=\"elementor-widget-wrap elementor-element-populated\">\n\t\t\t\t\t\t\t\t<div class=\"elementor-element elementor-element-1c063fb elementor-widget elementor-widget-text-editor\" data-id=\"1c063fb\" data-element_type=\"widget\" data-widget_type=\"text-editor.default\">\n\t\t\t\t<div class=\"elementor-widget-container\">\n\t\t\t\t\t\t\t<p><span style=\"color: rgb(55, 55, 55); font-family: Arial, Helvetica, sans-serif; text-align: justify;\">Ein besonderer Dank gilt neben den Lehrkr\u00e4ften, die teilweise 14 Tage vor Ort waren und beide Skigruppen betreuten, der Skisportleiterin Verena Kuhnke, die mit der einmaligen Situation, diese Fahrt f\u00fcr zwei Jahrg\u00e4nge zu organisieren, eine Mammutaufgabe vor sich hatte. Dank ihrer perfekten Planung und Vorbereitung kam es zu keinerlei Problemen. Egal ob Busfahrt, Zimmereinteilung, Skiausleihe oder Arztbesuch, immer war alles top organisiert und jedes kleinere Problem wurde mit einem L\u00e4cheln gemanagt.<\/span><br><\/p>\t\t\t\t\t\t<\/div>\n\t\t\t\t<\/div>\n\t\t\t\t\t<\/div>\n\t\t<\/div>\n\t\t\t\t\t\t\t<\/div>\n\t\t<\/section>\n\t\t\t\t\t\t\t<\/div>\n\t\t","protected":false},"excerpt":{"rendered":"<p>Sch\u00fclerinnen und Sch\u00fcler der GMS Burbach-Neunkirchen erlebten gelungene Skifahrt nach der Corona-Pandemie Endlich konnten 290 Sch\u00fclerinnen und Sch\u00fcler der GMS Burbach-Neunkirchen gemeinsam mit 15 Lehrkr\u00e4ften in den beiden Skifahrtwochen der Jahrg\u00e4nge 8 und 9 wieder die Skier anschnallen und die &hellip; <\/p>\n","protected":false},"author":2,"featured_media":10592,"comment_status":"open","ping_status":"open","sticky":false,"template":"","format":"standard","meta":[],"categories":[54],"tags":[],"_links":{"self":[{"href":"https:\/\/test.loris.tv\/gms\/wp-json\/wp\/v2\/posts\/1"}],"collection":[{"href":"https:\/\/test.loris.tv\/gms\/wp-json\/wp\/v2\/posts"}],"about":[{"href":"https:\/\/test.loris.tv\/gms\/wp-json\/wp\/v2\/types\/post"}],"author":[{"embeddable":true,"href":"https:\/\/test.loris.tv\/gms\/wp-json\/wp\/v2\/users\/2"}],"replies":[{"embeddable":true,"href":"https:\/\/test.loris.tv\/gms\/wp-json\/wp\/v2\/comments?post=1"}],"version-history":[{"count":9,"href":"https:\/\/test.loris.tv\/gms\/wp-json\/wp\/v2\/posts\/1\/revisions"}],"predecessor-version":[{"id":10602,"href":"https:\/\/test.loris.tv\/gms\/wp-json\/wp\/v2\/posts\/1\/revisions\/10602"}],"wp:featuredmedia":[{"embeddable":true,"href":"https:\/\/test.loris.tv\/gms\/wp-json\/wp\/v2\/media\/10592"}],"wp:attachment":[{"href":"https:\/\/test.loris.tv\/gms\/wp-json\/wp\/v2\/media?parent=1"}],"wp:term":[{"taxonomy":"category","embeddable":true,"href":"https:\/\/test.loris.tv\/gms\/wp-json\/wp\/v2\/categories?post=1"},{"taxonomy":"post_tag","embeddable":true,"href":"https:\/\/test.loris.tv\/gms\/wp-json\/wp\/v2\/tags?post=1"}],"curies":[{"name":"wp","href":"https:\/\/api.w.org\/{rel}","templated":true}]}}